{"id":2474,"date":"2015-06-20T21:24:57","date_gmt":"2015-06-20T19:24:57","guid":{"rendered":"http:\/\/www.tsv-natternberg.de\/leichtathletik\/?p=2474"},"modified":"2015-06-20T21:27:03","modified_gmt":"2015-06-20T19:27:03","slug":"lisa-vogl-niederbayerische-vize-meisterin-ueber-800-m-in-plattling","status":"publish","type":"post","link":"https:\/\/www.tsv-natternberg.de\/leichtathletik\/lisa-vogl-niederbayerische-vize-meisterin-ueber-800-m-in-plattling\/","title":{"rendered":"Lisa Vogl Niederbayerische Vize-Meisterin \u00fcber 800m in Plattling"},"content":{"rendered":"<p style=\"text-align: justify;\"><a href=\"http:\/\/www.tsv-natternberg.de\/leichtathletik\/wp-content\/uploads\/2015\/06\/2015_06_20_Plattling_1.jpg\"><img loading=\"lazy\" decoding=\"async\" class=\"alignleft wp-image-2475 size-medium\" src=\"http:\/\/www.tsv-natternberg.de\/leichtathletik\/wp-content\/uploads\/2015\/06\/2015_06_20_Plattling_1-300x225.jpg\" alt=\"TSV Natternberg - Leichtatletik - Bezirksmeisterschaft 2015\" width=\"300\" height=\"225\" srcset=\"https:\/\/www.tsv-natternberg.de\/leichtathletik\/wp-content\/uploads\/2015\/06\/2015_06_20_Plattling_1-300x225.jpg 300w, https:\/\/www.tsv-natternberg.de\/leichtathletik\/wp-content\/uploads\/2015\/06\/2015_06_20_Plattling_1-1024x768.jpg 1024w, https:\/\/www.tsv-natternberg.de\/leichtathletik\/wp-content\/uploads\/2015\/06\/2015_06_20_Plattling_1-280x210.jpg 280w, https:\/\/www.tsv-natternberg.de\/leichtathletik\/wp-content\/uploads\/2015\/06\/2015_06_20_Plattling_1-665x499.jpg 665w\" sizes=\"auto, (max-width: 300px) 100vw, 300px\" \/><\/a>Bei den Bezirks-Einzel-Meisterschaften des BLV &#8211; Bezirk Niederbayern im Plattlinger Karl-Weinberger-Stadion waren Frank Schneider und Lisa Vogl vom TSV Natternberg \u00fcber 800 m am Start. Bei guten \u00e4u\u00dferen Bedingungen und ohne Regen durfte sich <strong>Lisa Vogl,<\/strong> Jg. 2002, \u00fcber die <strong>Silbermedaille <\/strong>mit der Zeit von 2:41,89 min freuen. Mit seinem Lauf \u00fcber die zwei Stadionrunden war auch <strong>Frank<\/strong> <strong>Schneider,<\/strong> Jg. 2001, zufrieden. Er erreichte mit pers\u00f6nlicher Bestzeit nach 2:24,58 min das Ziel und wurde <strong>Sechster<\/strong> in seiner Altersgruppe.<\/p>\n","protected":false},"excerpt":{"rendered":"<p>Bei den Bezirks-Einzel-Meisterschaften des BLV &#8211; Bezirk Niederbayern im Plattlinger Karl-Weinberger-Stadion waren Frank Schneider und Lisa Vogl vom TSV Natternberg<\/p>\n","protected":false},"author":2,"featured_media":2478,"comment_status":"closed","ping_status":"open","sticky":false,"template":"","format":"standard","meta":{"ngg_post_thumbnail":0,"footnotes":""},"categories":[14],"tags":[25],"class_list":["post-2474","post","type-post","status-publish","format-standard","has-post-thumbnail","hentry","category-archiv-2015","tag-leichtathletik"],"_links":{"self":[{"href":"https:\/\/www.tsv-natternberg.de\/leichtathletik\/wp-json\/wp\/v2\/posts\/2474","targetHints":{"allow":["GET"]}}],"collection":[{"href":"https:\/\/www.tsv-natternberg.de\/leichtathletik\/wp-json\/wp\/v2\/posts"}],"about":[{"href":"https:\/\/www.tsv-natternberg.de\/leichtathletik\/wp-json\/wp\/v2\/types\/post"}],"author":[{"embeddable":true,"href":"https:\/\/www.tsv-natternberg.de\/leichtathletik\/wp-json\/wp\/v2\/users\/2"}],"replies":[{"embeddable":true,"href":"https:\/\/www.tsv-natternberg.de\/leichtathletik\/wp-json\/wp\/v2\/comments?post=2474"}],"version-history":[{"count":0,"href":"https:\/\/www.tsv-natternberg.de\/leichtathletik\/wp-json\/wp\/v2\/posts\/2474\/revisions"}],"wp:featuredmedia":[{"embeddable":true,"href":"https:\/\/www.tsv-natternberg.de\/leichtathletik\/wp-json\/wp\/v2\/media\/2478"}],"wp:attachment":[{"href":"https:\/\/www.tsv-natternberg.de\/leichtathletik\/wp-json\/wp\/v2\/media?parent=2474"}],"wp:term":[{"taxonomy":"category","embeddable":true,"href":"https:\/\/www.tsv-natternberg.de\/leichtathletik\/wp-json\/wp\/v2\/categories?post=2474"},{"taxonomy":"post_tag","embeddable":true,"href":"https:\/\/www.tsv-natternberg.de\/leichtathletik\/wp-json\/wp\/v2\/tags?post=2474"}],"curies":[{"name":"wp","href":"https:\/\/api.w.org\/{rel}","templated":true}]}}