{"id":5012,"date":"2017-06-30T21:51:27","date_gmt":"2017-06-30T19:51:27","guid":{"rendered":"http:\/\/www.tsv-natternberg.de\/leichtathletik\/?p=5012"},"modified":"2017-06-30T21:53:16","modified_gmt":"2017-06-30T19:53:16","slug":"carina-amos-laeuft-weibliche-bestzeit-im-regener-kurpark-ueber-1-000-m","status":"publish","type":"post","link":"https:\/\/www.tsv-natternberg.de\/leichtathletik\/carina-amos-laeuft-weibliche-bestzeit-im-regener-kurpark-ueber-1-000-m\/","title":{"rendered":"Carina Amos l\u00e4uft weibliche Bestzeit im Regener Kurpark \u00fcber 1 000 m"},"content":{"rendered":"<p style=\"text-align: justify;\"><a href=\"http:\/\/www.tsv-natternberg.de\/leichtathletik\/wp-content\/uploads\/2017\/06\/2017.06.24-Regen-Kurpark.jpg\"><img loading=\"lazy\" decoding=\"async\" class=\"size-medium wp-image-5014 alignleft\" src=\"http:\/\/www.tsv-natternberg.de\/leichtathletik\/wp-content\/uploads\/2017\/06\/2017.06.24-Regen-Kurpark-300x169.jpg\" alt=\"\" width=\"300\" height=\"169\" srcset=\"https:\/\/www.tsv-natternberg.de\/leichtathletik\/wp-content\/uploads\/2017\/06\/2017.06.24-Regen-Kurpark-300x169.jpg 300w, https:\/\/www.tsv-natternberg.de\/leichtathletik\/wp-content\/uploads\/2017\/06\/2017.06.24-Regen-Kurpark-1024x576.jpg 1024w, https:\/\/www.tsv-natternberg.de\/leichtathletik\/wp-content\/uploads\/2017\/06\/2017.06.24-Regen-Kurpark-373x210.jpg 373w, https:\/\/www.tsv-natternberg.de\/leichtathletik\/wp-content\/uploads\/2017\/06\/2017.06.24-Regen-Kurpark-665x374.jpg 665w\" sizes=\"auto, (max-width: 300px) 100vw, 300px\" \/><\/a>Am vergangenen Samstag waren sechs Natternberger Nachwuchsl\u00e4ufer bei extremen Sommertemperaturen in Regen beim 6. BAUER\u2019s Sportwelt-Lauf erfolgreich vertreten.<\/p>\n<p style=\"text-align: justify;\">Die Verantwortlichen des TSV Regen hatten durch den Park einen flachen Rundkurs von 500 m bzw. 1 000 m ausgesteckt, den die Teilnehmer ein- oder mehrmals zu durchlaufen hatten. Am Kurparkpavillon auf der Regeninsel wo sich Start und Ziel befanden, sorgte ein Moderator f\u00fcr die n\u00f6tige Unterhaltung und die passende Musik zur Anfeuerung der&nbsp; L\u00e4ufer.<\/p>\n<p style=\"text-align: justify;\">Bereits in Lauf 1 der Bambiniklasse weiblich und m\u00e4nnlich der Jahrg\u00e4nge 2010 und j\u00fcnger war mit <strong>Hannah Zellner,<\/strong> Jg. 2010, eine Natternbergerin auf der kleinen Runde \u00fcber 500 m unterwegs. Hannah lief ein couragiertes Rennen, wurde <strong>Gruppensiegerin<\/strong> mit der sehr guten Zeit von <strong>1:55,36 min <\/strong>und <strong>Gesamtzweite <\/strong>der dreizehn Starter.<\/p>\n<p style=\"text-align: justify;\">Die Teilnehmer der Jahrg\u00e4nge 2009\/2008 mussten diesen Rundkurs bereits zweimal durchlaufen. <strong>Lara Zellner<\/strong>, Jg. 2009, erreichte \u00fcber die Distanz von 1 000 m in <strong>4:29,02 min<\/strong> das Ziel und wurde <strong>F\u00fcnfte.<\/strong><\/p>\n<p style=\"text-align: justify;\">Der Lauf der Sch\u00fclerklasse U12 der Jahrg\u00e4nge 2007\/2006 ging \u00fcber dieselbe Distanz. Bereits vom Start weg gab es ein hei\u00dfes Rennen mit <strong>Carina Amos,<\/strong> Jg. 2007, und <strong>Yaren Orbay,&nbsp; <\/strong>Jg. 2006<strong>, <\/strong>und den m\u00e4nnlichen Konkurrenten. Nach 3:42,78 min war <strong>Carina <\/strong>als<strong> erstes<\/strong> <strong>und schnellstes M\u00e4dchen<\/strong> im Ziel. Den<strong> Doppelsieg<\/strong> komplett machte <strong>Yaren <\/strong>als <strong>Zweite <\/strong>mit der Zeit von 3:50,30 min. Die Siegerzeit von <strong>Carina<\/strong> war zugleich weibliche <strong>Bestzeit<\/strong> der insgesamt 17 Starterinnen auf dieser Strecke und Drittbeste Zeit aller 29 Finisher.<\/p>\n<p style=\"text-align: justify;\"><strong>Jasmin Stelzl <\/strong>und<strong> Lina Omerasevic<\/strong>, beide Jg. 2005, starteten bereits \u00fcber 2 000 m. Nach der kleinen Runde, die zweimal gelaufen werden musste, und dem gro\u00dfen Rundkurs konnte sich <strong>Jasmin <\/strong>\u00fcber<strong> Rang Vier<\/strong> und der Zeit von 9:17,58 min freuen<strong>. Lina<\/strong> folgte ihr auf <strong>Platz F\u00fcnf<\/strong> in 9:30,90 min. &nbsp;<\/p>\n","protected":false},"excerpt":{"rendered":"<p>Am vergangenen Samstag waren sechs Natternberger Nachwuchsl\u00e4ufer bei extremen Sommertemperaturen in Regen beim 6. BAUER\u2019s Sportwelt-Lauf erfolgreich vertreten. Die Verantwortlichen<\/p>\n","protected":false},"author":2,"featured_media":5013,"comment_status":"closed","ping_status":"open","sticky":false,"template":"","format":"standard","meta":{"ngg_post_thumbnail":0,"footnotes":""},"categories":[37],"tags":[25],"class_list":["post-5012","post","type-post","status-publish","format-standard","has-post-thumbnail","hentry","category-archiv-2017","tag-leichtathletik"],"_links":{"self":[{"href":"https:\/\/www.tsv-natternberg.de\/leichtathletik\/wp-json\/wp\/v2\/posts\/5012","targetHints":{"allow":["GET"]}}],"collection":[{"href":"https:\/\/www.tsv-natternberg.de\/leichtathletik\/wp-json\/wp\/v2\/posts"}],"about":[{"href":"https:\/\/www.tsv-natternberg.de\/leichtathletik\/wp-json\/wp\/v2\/types\/post"}],"author":[{"embeddable":true,"href":"https:\/\/www.tsv-natternberg.de\/leichtathletik\/wp-json\/wp\/v2\/users\/2"}],"replies":[{"embeddable":true,"href":"https:\/\/www.tsv-natternberg.de\/leichtathletik\/wp-json\/wp\/v2\/comments?post=5012"}],"version-history":[{"count":2,"href":"https:\/\/www.tsv-natternberg.de\/leichtathletik\/wp-json\/wp\/v2\/posts\/5012\/revisions"}],"predecessor-version":[{"id":5016,"href":"https:\/\/www.tsv-natternberg.de\/leichtathletik\/wp-json\/wp\/v2\/posts\/5012\/revisions\/5016"}],"wp:featuredmedia":[{"embeddable":true,"href":"https:\/\/www.tsv-natternberg.de\/leichtathletik\/wp-json\/wp\/v2\/media\/5013"}],"wp:attachment":[{"href":"https:\/\/www.tsv-natternberg.de\/leichtathletik\/wp-json\/wp\/v2\/media?parent=5012"}],"wp:term":[{"taxonomy":"category","embeddable":true,"href":"https:\/\/www.tsv-natternberg.de\/leichtathletik\/wp-json\/wp\/v2\/categories?post=5012"},{"taxonomy":"post_tag","embeddable":true,"href":"https:\/\/www.tsv-natternberg.de\/leichtathletik\/wp-json\/wp\/v2\/tags?post=5012"}],"curies":[{"name":"wp","href":"https:\/\/api.w.org\/{rel}","templated":true}]}}