{"id":5197,"date":"2017-10-16T22:38:14","date_gmt":"2017-10-16T20:38:14","guid":{"rendered":"http:\/\/www.tsv-natternberg.de\/leichtathletik\/?p=5197"},"modified":"2017-11-05T17:02:45","modified_gmt":"2017-11-05T15:02:45","slug":"herrliches-herbstwetter-beim-arge-alp-orientierungslauf-in-bregenzgoefis","status":"publish","type":"post","link":"https:\/\/www.tsv-natternberg.de\/leichtathletik\/herrliches-herbstwetter-beim-arge-alp-orientierungslauf-in-bregenzgoefis\/","title":{"rendered":"Herrliches Herbstwetter beim ARGE Alp Orientierungslauf in Bregenz\/G\u00f6fis"},"content":{"rendered":"<p style=\"text-align: justify;\"><span style=\"color: #000000; font-family: Calibri;\"><a href=\"http:\/\/www.tsv-natternberg.de\/leichtathletik\/wp-content\/uploads\/2017\/11\/2017.10.15-ARGE-Alp-Teamfoto-2.jpg\"><img loading=\"lazy\" decoding=\"async\" width=\"665\" height=\"312\" class=\"alignleft wp-image-5198 size-large\" alt=\"\" src=\"http:\/\/www.tsv-natternberg.de\/leichtathletik\/wp-content\/uploads\/2017\/11\/2017.10.15-ARGE-Alp-Teamfoto-2-1024x480.jpg\" srcset=\"https:\/\/www.tsv-natternberg.de\/leichtathletik\/wp-content\/uploads\/2017\/11\/2017.10.15-ARGE-Alp-Teamfoto-2-1024x480.jpg 1024w, https:\/\/www.tsv-natternberg.de\/leichtathletik\/wp-content\/uploads\/2017\/11\/2017.10.15-ARGE-Alp-Teamfoto-2-300x141.jpg 300w, https:\/\/www.tsv-natternberg.de\/leichtathletik\/wp-content\/uploads\/2017\/11\/2017.10.15-ARGE-Alp-Teamfoto-2-448x210.jpg 448w, https:\/\/www.tsv-natternberg.de\/leichtathletik\/wp-content\/uploads\/2017\/11\/2017.10.15-ARGE-Alp-Teamfoto-2-665x312.jpg 665w\" sizes=\"auto, (max-width: 665px) 100vw, 665px\" \/><\/a>Mitte Oktober machten sich 106 OLer aus Bayern auf den Weg zum Bodensee in das \u00f6sterreichische Bregenz. Mit dabei waren 5 Orientierungsl\u00e4ufer vom TSV Natternberg. Dort wurde der Arge Alp 2017 von der Region Vorarlberg ausgetragen. Von den 10 angereisten Teams aus den Alpenl\u00e4ndern war die bayerische Mannschaft die teilnehmerst\u00e4rkste Gruppe. In Bregenz angekommen empfing uns herrliches Herbstwetter. Da vor Ort keine Parkpl\u00e4tze zur Verf\u00fcgung standen, mussten wir zum WKZ am bekannten Bergkegel Pf\u00e4nder gelegenen Gebhardsberg hoch marschieren. Da hatte schon der ein oder andere eine Verschnaufpause n\u00f6tig. Oben angekommen, bot sich f\u00fcr alle Teilnehmer ein herrlicher Ausblick auf das schw\u00e4bische Meer. Erfreulicherweise konnten wieder Bayerntrikots nachgekauft werden, wo jedoch manchmal die richtige Gr\u00f6\u00dfe fehlte, besonders bei den jungen Damen. Beim Gruppenfoto vom Team Bayern kam es leider zu einem Missverst\u00e4ndnis. Teamchef Valerio Casanova war zwecks organisatorischen Dingen unterwegs und fehlte am Foto. Welch ein Fauxpas! Dass der Teamchef nicht erfreut war, konnte man an seinem italienischen Temperament gleich erkennen. Nachdem sich das aufgebrachte Gem\u00fct wieder beruhigt hatte, wurde das Gruppenfoto nat\u00fcrlich nachgeholt, diesmal komplett! <\/span><\/p>\n<p style=\"text-align: justify;\"><span style=\"color: #000000; font-family: Calibri;\">Nach der Er\u00f6ffnung der Veranstaltung und der Staffeleinf\u00fchrung wurden die Staffeln in drei Wellen in den steilen Bergwald geschickt. Die Bahnen wiesen sehr viele H\u00f6henmeter auf und verlangten den Teilnehmern viel ab. Die steilen H\u00e4nge waren mit vielen Wegen durchzogen, was die L\u00e4ufer sehr gut nutzten. Die langgezogene Sichtstrecke raubte vielen die Kr\u00e4fte und auch ein schmaler Sumpfstreifen vor dem Zieleinlauf hatte es in sich. Einigen wurde er zum Verh\u00e4ngnis, sie kamen bis zur H\u00fcfte verschlammt ins Ziel. Unser Team konnte einige Podestpl\u00e4tze erringen &#8211; Platz 3 f\u00fcr die D45 und die Rahmenkategorien H12 und D12, sowie das beste Ergebnis aus bayerischer Sicht, Silber in der H35. Auch weitere Staffeln punkteten noch, so dass Bayern in der Gesamtwertung zusammen mit Trentino auf Rang drei lag.<\/span><\/p>\n<p style=\"text-align: justify;\"><span style=\"font-family: Calibri;\"><span style=\"color: #000000;\">Zufrieden mit der Ausbeute am ersten Tag ging es dann f\u00fcr die bayerische Mannschaft zur halbst\u00fcndig entfernten Unterkunft, das Hotel Montafon in Feldkirch. Dort bezog das Team ein Viersternehotel, das vom Teamchef Valerio Casanova bestens ausgesucht wurde. Die vier Natternberger M\u00e4dels hatten hier besonderes Gl\u00fcck. Sie bezogen ein sehr gro\u00dfz\u00fcgig bemessenes Apartment im obersten Stockwerk, das eher schon an ein Penthouse erinnerte. Am Abend wurden wir mit einem Dreig\u00e4ngemen\u00fc im Hotel verw\u00f6hnt. Nachdem der Chef Organisator Valerio von der ARGE ALP Teambesprechung im Hotel angekommen war, bedankte sich das Bayerische Team bei Valerio und \u00fcberreichte ihm ein kleines Pr\u00e4sent in Form eines Gutscheins f\u00fcr einen neuen OL Rucksack. Nach dem reichhaltigen Fr\u00fchst\u00fcck im Hotel ging es zum Wettkampfgel\u00e4nde nach G\u00f6fis. Wie bereits am Samstag, zeigt sich das Wetter wieder von der besten Seite. Gelaufen wurde auf der Karte \u201eHoher Sattel\u201c. Ein eher flaches und schnelles Gel\u00e4nde mit vielen Wegen. Wer quer sein Gl\u00fcck versuchte wurde teilweise von Dornen und Stechpalmen ausgebremst.<\/span><\/span><\/p>\n<p style=\"text-align: justify;\"><span style=\"font-family: Calibri;\"><span style=\"color: #000000;\">Bayern konnte drei Podestpl\u00e4tze erringen mit Daniel Cionoiu in H12, Marei Lehner in D18 und Andres Enborg in H35. Weitere gute Platzierungen folgten, jedoch reichte es am Ende nicht, den dritten Platz zu halten, obwohl das bayerische Team die h\u00f6chste Punktzahl bei einem ARGE Alp je erreicht hatte. Gewonnen hat am Ende Tessin vor dem Vorjahressieger St. Gallen und der Mannschaft aus dem Trentino. Rundum war es eine gelungene Veranstaltung vom Ausrichterteam Vorarlberg. Sie boten gute Wettk\u00e4mpfe in einem sch\u00f6nen Gel\u00e4nde. F\u00fcr das leibliche Wohl war stets gesorgt. Gut gelaunt ging es am Sonntagnachmittag wieder auf den Heimweg nach Bayern. Der eine oder andere schon in Gedanken beim n\u00e4chsten ARGE ALP 2018, den St. Gallen ausrichten wird mit der Vorank\u00fcndigung, dass die Wettk\u00e4mpfe im alpinen Gel\u00e4nde auf 1.400 bis 1.800 Meter stattfinden werden\u2026.<\/span><\/span><\/p>\n<p>Video: Erster Staffelstart von insgesamt drei Staffelstarts<\/p>\n<div style=\"width: 800px;\" class=\"wp-video\"><video class=\"wp-video-shortcode\" id=\"video-5197-1\" width=\"800\" height=\"450\" preload=\"metadata\" controls=\"controls\"><source type=\"video\/mp4\" src=\"http:\/\/www.tsv-natternberg.de\/leichtathletik\/wp-content\/uploads\/2017\/11\/ARGE-Alp-Staffel-1.mp4?_=1\" \/><a href=\"http:\/\/www.tsv-natternberg.de\/leichtathletik\/wp-content\/uploads\/2017\/11\/ARGE-Alp-Staffel-1.mp4\">http:\/\/www.tsv-natternberg.de\/leichtathletik\/wp-content\/uploads\/2017\/11\/ARGE-Alp-Staffel-1.mp4<\/a><\/video><\/div>\n<p>&nbsp;<\/p>\n<p>Video: Zweiter Staffelstart&nbsp;<\/p>\n<div style=\"width: 800px;\" class=\"wp-video\"><video class=\"wp-video-shortcode\" id=\"video-5197-2\" width=\"800\" height=\"450\" preload=\"metadata\" controls=\"controls\"><source type=\"video\/mp4\" src=\"http:\/\/www.tsv-natternberg.de\/leichtathletik\/wp-content\/uploads\/2017\/11\/ARGE-Alp-Staffel-2017.mp4?_=2\" \/><a href=\"http:\/\/www.tsv-natternberg.de\/leichtathletik\/wp-content\/uploads\/2017\/11\/ARGE-Alp-Staffel-2017.mp4\">http:\/\/www.tsv-natternberg.de\/leichtathletik\/wp-content\/uploads\/2017\/11\/ARGE-Alp-Staffel-2017.mp4<\/a><\/video><\/div>\n","protected":false},"excerpt":{"rendered":"<p>Mitte Oktober machten sich 106 OLer aus Bayern auf den Weg zum Bodensee in das \u00f6sterreichische Bregenz. Mit dabei waren<\/p>\n","protected":false},"author":1,"featured_media":5201,"comment_status":"closed","ping_status":"open","sticky":false,"template":"","format":"standard","meta":{"ngg_post_thumbnail":0,"footnotes":""},"categories":[37],"tags":[22],"class_list":["post-5197","post","type-post","status-publish","format-standard","has-post-thumbnail","hentry","category-archiv-2017","tag-orientierungslauf"],"_links":{"self":[{"href":"https:\/\/www.tsv-natternberg.de\/leichtathletik\/wp-json\/wp\/v2\/posts\/5197","targetHints":{"allow":["GET"]}}],"collection":[{"href":"https:\/\/www.tsv-natternberg.de\/leichtathletik\/wp-json\/wp\/v2\/posts"}],"about":[{"href":"https:\/\/www.tsv-natternberg.de\/leichtathletik\/wp-json\/wp\/v2\/types\/post"}],"author":[{"embeddable":true,"href":"https:\/\/www.tsv-natternberg.de\/leichtathletik\/wp-json\/wp\/v2\/users\/1"}],"replies":[{"embeddable":true,"href":"https:\/\/www.tsv-natternberg.de\/leichtathletik\/wp-json\/wp\/v2\/comments?post=5197"}],"version-history":[{"count":8,"href":"https:\/\/www.tsv-natternberg.de\/leichtathletik\/wp-json\/wp\/v2\/posts\/5197\/revisions"}],"predecessor-version":[{"id":5214,"href":"https:\/\/www.tsv-natternberg.de\/leichtathletik\/wp-json\/wp\/v2\/posts\/5197\/revisions\/5214"}],"wp:featuredmedia":[{"embeddable":true,"href":"https:\/\/www.tsv-natternberg.de\/leichtathletik\/wp-json\/wp\/v2\/media\/5201"}],"wp:attachment":[{"href":"https:\/\/www.tsv-natternberg.de\/leichtathletik\/wp-json\/wp\/v2\/media?parent=5197"}],"wp:term":[{"taxonomy":"category","embeddable":true,"href":"https:\/\/www.tsv-natternberg.de\/leichtathletik\/wp-json\/wp\/v2\/categories?post=5197"},{"taxonomy":"post_tag","embeddable":true,"href":"https:\/\/www.tsv-natternberg.de\/leichtathletik\/wp-json\/wp\/v2\/tags?post=5197"}],"curies":[{"name":"wp","href":"https:\/\/api.w.org\/{rel}","templated":true}]}}