{"id":5574,"date":"2018-06-17T21:05:30","date_gmt":"2018-06-17T19:05:30","guid":{"rendered":"http:\/\/www.tsv-natternberg.de\/leichtathletik\/?p=5574"},"modified":"2018-06-26T21:31:32","modified_gmt":"2018-06-26T19:31:32","slug":"drei-natternberger-orientierungslaeufer-beim-laendervergleichskampf-alpe-adria-cup-in-szombathely","status":"publish","type":"post","link":"https:\/\/www.tsv-natternberg.de\/leichtathletik\/drei-natternberger-orientierungslaeufer-beim-laendervergleichskampf-alpe-adria-cup-in-szombathely\/","title":{"rendered":"Drei Natternberger Orientierungsl\u00e4ufer beim Alpe Adria Cup in Szombathely"},"content":{"rendered":"<p>&nbsp;<\/p>\n<figure id=\"attachment_5575\" aria-describedby=\"caption-attachment-5575\" style=\"width: 300px\" class=\"wp-caption alignleft\"><a href=\"http:\/\/www.tsv-natternberg.de\/leichtathletik\/wp-content\/uploads\/2018\/06\/2018.06.20-alpenadriateam.jpg\"><img loading=\"lazy\" decoding=\"async\" width=\"300\" height=\"225\" class=\"size-medium wp-image-5575\" alt=\"\" src=\"http:\/\/www.tsv-natternberg.de\/leichtathletik\/wp-content\/uploads\/2018\/06\/2018.06.20-alpenadriateam-300x225.jpg\" srcset=\"https:\/\/www.tsv-natternberg.de\/leichtathletik\/wp-content\/uploads\/2018\/06\/2018.06.20-alpenadriateam-300x225.jpg 300w, https:\/\/www.tsv-natternberg.de\/leichtathletik\/wp-content\/uploads\/2018\/06\/2018.06.20-alpenadriateam-280x210.jpg 280w, https:\/\/www.tsv-natternberg.de\/leichtathletik\/wp-content\/uploads\/2018\/06\/2018.06.20-alpenadriateam-665x499.jpg 665w, https:\/\/www.tsv-natternberg.de\/leichtathletik\/wp-content\/uploads\/2018\/06\/2018.06.20-alpenadriateam.jpg 800w\" sizes=\"auto, (max-width: 300px) 100vw, 300px\" \/><\/a><figcaption id=\"caption-attachment-5575\" class=\"wp-caption-text\"><span style=\"font-family: arial,helvetica,sans-serif;\">Foto: Anne Kolehmainen<\/span><\/figcaption><\/figure>\n<p style=\"text-align: justify;\"><span style=\"color: #000000; font-family: arial,helvetica,sans-serif; font-size: 10pt;\">Der diesj\u00e4hrige Alpe-Adria-Cup fand in Ungarn, nahe der \u00d6sterreichischen Grenze statt. Die Bayern stellten mit 36 Athleten, darunter Verena H\u00f6tzinger, Veronika Engl und Stefan H\u00f6tzinger vom TSV Natternberg, das gr\u00f6\u00dfte Team unter den 10 teilnehmenden Regionen. Ziel war es den dritten Platz vom Vortag zu verteidigen.<\/span><\/p>\n<p style=\"text-align: justify;\"><span style=\"color: #000000; font-family: arial,helvetica,sans-serif; font-size: 10pt;\">Auf der Mitteldistanz die am Freitag direkt nach der Anreise stattfand, galt es hierf\u00fcr den Grundstein zu legen. Das Gel\u00e4nde war nur leicht h\u00fcgelig, jedoch sehr gr\u00fcn und dicht bewachsen, wodurch das querlaufen erschwert wurde und Posten h\u00e4ufig nicht gleich gefunden werden konnten. Verena H\u00f6tzinger pr\u00e4sentierte sich stark und landete mit nur f\u00fcnf Sekunden R\u00fcckstand auf Platz 2 in der W14.<\/span><\/p>\n<p style=\"text-align: justify;\"><span style=\"color: #000000; font-family: arial,helvetica,sans-serif; font-size: 10pt;\">Bei der Sprintstaffel am Samstagvormittag galt es, das Lauftempo hochzuhalten und keine der kleinen Gassen im Zentrum von Szombathely zu \u00fcbersehen. F\u00fcr erschwerte Bedingungen sorgten die Temperaturen von gesch\u00e4tzten 30 Grad. Stefan H\u00f6tzinger sicherte sich gemeinsam mit seinen Staffelpartnern Gertrud Liebl und Ralph K\u00f6rner einen hervorragenden vierten Platz in der MW35.<\/span><\/p>\n<p style=\"text-align: justify;\"><span style=\"color: #000000; font-family: arial,helvetica,sans-serif; font-size: 10pt;\">Am Nachmittag folgte im selben Gel\u00e4nde noch ein Einzelsprint, der nicht zur L\u00e4nderwertung z\u00e4hlte. Auch hier waren genaues Kartenlesen und schnelles Laufen gefragt. Verena H\u00f6tzinger unterstrich ihr gutes Ergebnis vom Vortag und sicherte sich einen zweiten Platz in der W14.<\/span><\/p>\n<p style=\"text-align: justify;\"><span style=\"color: #000000; font-family: arial,helvetica,sans-serif; font-size: 10pt;\">Der Abschluss des Wochenendes folgte mit der Langdistanz am Sonntag. Beim Blick auf die H\u00f6henmeter stand schnell fest: es wird steil. Und das war es auch. Der Lauf war ein einziges Bergauf, Bergab wie es nicht einmal die bayerischen OLer gewohnt sind. Und dennoch schlugen sie sich wacker und verteidigten den 3.Platz in der Gesamtwertung hinter der Steiermark und Slowenien. Verena H\u00f6tzinger rundete ihr erfolgreiches Wochenende mit einem dritten Platz ab.<\/span><\/p>\n<p style=\"text-align: justify;\"><span style=\"color: #000000; font-family: arial,helvetica,sans-serif; font-size: 10pt;\">Alles in allem war es ein gelungenes Wochenende mit gutem Essen, einem super Team, tollem Wetter und anstrengenden L\u00e4ufen die trotzdem viel Spa\u00df gemacht haben. Der Alpe-Adria-Cup ist eben immer eine Reise wert.<\/span><\/p>\n<p>&nbsp;<\/p>\n<p>&nbsp;<\/p>\n","protected":false},"excerpt":{"rendered":"<p>&nbsp; Der diesj\u00e4hrige Alpe-Adria-Cup fand in Ungarn, nahe der \u00d6sterreichischen Grenze statt. Die Bayern stellten mit 36 Athleten, darunter Verena<\/p>\n","protected":false},"author":6,"featured_media":5575,"comment_status":"closed","ping_status":"open","sticky":false,"template":"","format":"standard","meta":{"ngg_post_thumbnail":0,"footnotes":""},"categories":[40],"tags":[22],"class_list":["post-5574","post","type-post","status-publish","format-standard","has-post-thumbnail","hentry","category-archiv-2018","tag-orientierungslauf"],"_links":{"self":[{"href":"https:\/\/www.tsv-natternberg.de\/leichtathletik\/wp-json\/wp\/v2\/posts\/5574","targetHints":{"allow":["GET"]}}],"collection":[{"href":"https:\/\/www.tsv-natternberg.de\/leichtathletik\/wp-json\/wp\/v2\/posts"}],"about":[{"href":"https:\/\/www.tsv-natternberg.de\/leichtathletik\/wp-json\/wp\/v2\/types\/post"}],"author":[{"embeddable":true,"href":"https:\/\/www.tsv-natternberg.de\/leichtathletik\/wp-json\/wp\/v2\/users\/6"}],"replies":[{"embeddable":true,"href":"https:\/\/www.tsv-natternberg.de\/leichtathletik\/wp-json\/wp\/v2\/comments?post=5574"}],"version-history":[{"count":5,"href":"https:\/\/www.tsv-natternberg.de\/leichtathletik\/wp-json\/wp\/v2\/posts\/5574\/revisions"}],"predecessor-version":[{"id":5585,"href":"https:\/\/www.tsv-natternberg.de\/leichtathletik\/wp-json\/wp\/v2\/posts\/5574\/revisions\/5585"}],"wp:featuredmedia":[{"embeddable":true,"href":"https:\/\/www.tsv-natternberg.de\/leichtathletik\/wp-json\/wp\/v2\/media\/5575"}],"wp:attachment":[{"href":"https:\/\/www.tsv-natternberg.de\/leichtathletik\/wp-json\/wp\/v2\/media?parent=5574"}],"wp:term":[{"taxonomy":"category","embeddable":true,"href":"https:\/\/www.tsv-natternberg.de\/leichtathletik\/wp-json\/wp\/v2\/categories?post=5574"},{"taxonomy":"post_tag","embeddable":true,"href":"https:\/\/www.tsv-natternberg.de\/leichtathletik\/wp-json\/wp\/v2\/tags?post=5574"}],"curies":[{"name":"wp","href":"https:\/\/api.w.org\/{rel}","templated":true}]}}