{"id":5704,"date":"2018-11-11T07:59:02","date_gmt":"2018-11-11T05:59:02","guid":{"rendered":"http:\/\/www.tsv-natternberg.de\/leichtathletik\/?p=5704"},"modified":"2018-11-17T08:05:00","modified_gmt":"2018-11-17T06:05:00","slug":"yaren-orbay-siegerin-beim-21-therme-lauf-in-geinberg","status":"publish","type":"post","link":"https:\/\/www.tsv-natternberg.de\/leichtathletik\/yaren-orbay-siegerin-beim-21-therme-lauf-in-geinberg\/","title":{"rendered":"Yaren Orbay Siegerin beim 21. Therme-Lauf in Geinberg"},"content":{"rendered":"<p style=\"text-align: justify;\"><span style=\"font-family: arial,helvetica,sans-serif;\"><a href=\"http:\/\/www.tsv-natternberg.de\/leichtathletik\/wp-content\/uploads\/2018\/11\/2018.11.11-Geinberg_Bild_1.jpg\"><img loading=\"lazy\" decoding=\"async\" width=\"300\" height=\"300\" class=\"alignleft size-medium wp-image-5705\" alt=\"TSV Natternberg Leichtathletik Geinberg 2018\" src=\"http:\/\/www.tsv-natternberg.de\/leichtathletik\/wp-content\/uploads\/2018\/11\/2018.11.11-Geinberg_Bild_1-300x300.jpg\" srcset=\"https:\/\/www.tsv-natternberg.de\/leichtathletik\/wp-content\/uploads\/2018\/11\/2018.11.11-Geinberg_Bild_1-300x300.jpg 300w, https:\/\/www.tsv-natternberg.de\/leichtathletik\/wp-content\/uploads\/2018\/11\/2018.11.11-Geinberg_Bild_1-150x150.jpg 150w, https:\/\/www.tsv-natternberg.de\/leichtathletik\/wp-content\/uploads\/2018\/11\/2018.11.11-Geinberg_Bild_1-1024x1022.jpg 1024w, https:\/\/www.tsv-natternberg.de\/leichtathletik\/wp-content\/uploads\/2018\/11\/2018.11.11-Geinberg_Bild_1-210x210.jpg 210w, https:\/\/www.tsv-natternberg.de\/leichtathletik\/wp-content\/uploads\/2018\/11\/2018.11.11-Geinberg_Bild_1-665x664.jpg 665w\" sizes=\"auto, (max-width: 300px) 100vw, 300px\" \/><\/a>Die Teilnahme am Thermen-Lauf in Geinberg, Ober\u00f6sterreich, ist f\u00fcr den Leichtathletiktrainer Johann L\u00f6winger, und einigen seiner L\u00e4uferinnen schon zur Tradition geworden. Das fr\u00fche Aufstehen, &nbsp;die weite Anreise &nbsp;und die sehr fr\u00fche Startzeit um 10:00 Uhr hat sich jedoch f\u00fcr die drei M\u00e4dchen, die alle dieselbe Streckenl\u00e4nge zu bew\u00e4ltigen hatten, gelohnt. Bei trockenem Herbstwetter herrschten ideale Laufverh\u00e4ltnisse und die vielen Zuschauer feuerten auf der gesamten Strecke um die Therme Geinberg die Teilnehmer kr\u00e4ftig an.<\/span><\/p>\n<p style=\"text-align: justify;\"><span style=\"font-family: arial,helvetica,sans-serif;\">In einem Massenstart von 51 weiblichen und m\u00e4nnlichen Sch\u00fclern der Jahrg\u00e4nge 2008 bis 2003 waren alle drei&nbsp; Natternberger M\u00e4dchen dabei. Auf dem asphaltierten Rundkurs \u00fcber 900 m, der \u00fcber die H\u00e4lfte der Strecke nur Berg auf f\u00fchrte, erreichte <strong>Yaren Orbay<\/strong> als <strong>Erste<\/strong> der 18 Teilnehmerinnen der Jahrg\u00e4nge 2005\/2006 das Ziel. Mit der Zeit von 3:26 min siegte sie souver\u00e4n in ihrer Altersklasse W12. <strong>Rang Zwei<\/strong> der 10 Starterinnen der Jahrg\u00e4nge 2007\/2008 erreichte <strong>Carina Amos<\/strong>, Jg. 2007, in 3:37 min. F\u00fcr Neuzugang <strong>Azra Ulukus<\/strong>, Jg. 2008, blieb die Uhr nach 4:10 min stehen. Sie durfte sich als J\u00fcngere des Doppeljahrgangs \u00fcber <strong>Platz Sechs<\/strong> freuen.<\/span><\/p>\n","protected":false},"excerpt":{"rendered":"<p>Die Teilnahme am Thermen-Lauf in Geinberg, Ober\u00f6sterreich, ist f\u00fcr den Leichtathletiktrainer Johann L\u00f6winger, und einigen seiner L\u00e4uferinnen schon zur Tradition<\/p>\n","protected":false},"author":2,"featured_media":5706,"comment_status":"closed","ping_status":"open","sticky":false,"template":"","format":"standard","meta":{"ngg_post_thumbnail":0,"footnotes":""},"categories":[40],"tags":[25],"class_list":["post-5704","post","type-post","status-publish","format-standard","has-post-thumbnail","hentry","category-archiv-2018","tag-leichtathletik"],"_links":{"self":[{"href":"https:\/\/www.tsv-natternberg.de\/leichtathletik\/wp-json\/wp\/v2\/posts\/5704","targetHints":{"allow":["GET"]}}],"collection":[{"href":"https:\/\/www.tsv-natternberg.de\/leichtathletik\/wp-json\/wp\/v2\/posts"}],"about":[{"href":"https:\/\/www.tsv-natternberg.de\/leichtathletik\/wp-json\/wp\/v2\/types\/post"}],"author":[{"embeddable":true,"href":"https:\/\/www.tsv-natternberg.de\/leichtathletik\/wp-json\/wp\/v2\/users\/2"}],"replies":[{"embeddable":true,"href":"https:\/\/www.tsv-natternberg.de\/leichtathletik\/wp-json\/wp\/v2\/comments?post=5704"}],"version-history":[{"count":1,"href":"https:\/\/www.tsv-natternberg.de\/leichtathletik\/wp-json\/wp\/v2\/posts\/5704\/revisions"}],"predecessor-version":[{"id":5707,"href":"https:\/\/www.tsv-natternberg.de\/leichtathletik\/wp-json\/wp\/v2\/posts\/5704\/revisions\/5707"}],"wp:featuredmedia":[{"embeddable":true,"href":"https:\/\/www.tsv-natternberg.de\/leichtathletik\/wp-json\/wp\/v2\/media\/5706"}],"wp:attachment":[{"href":"https:\/\/www.tsv-natternberg.de\/leichtathletik\/wp-json\/wp\/v2\/media?parent=5704"}],"wp:term":[{"taxonomy":"category","embeddable":true,"href":"https:\/\/www.tsv-natternberg.de\/leichtathletik\/wp-json\/wp\/v2\/categories?post=5704"},{"taxonomy":"post_tag","embeddable":true,"href":"https:\/\/www.tsv-natternberg.de\/leichtathletik\/wp-json\/wp\/v2\/tags?post=5704"}],"curies":[{"name":"wp","href":"https:\/\/api.w.org\/{rel}","templated":true}]}}