{"id":5795,"date":"2019-01-19T21:21:23","date_gmt":"2019-01-19T19:21:23","guid":{"rendered":"http:\/\/www.tsv-natternberg.de\/leichtathletik\/?p=5795"},"modified":"2019-01-26T21:24:15","modified_gmt":"2019-01-26T19:24:15","slug":"jahresabschlussfeier-der-leichtathleten","status":"publish","type":"post","link":"https:\/\/www.tsv-natternberg.de\/leichtathletik\/jahresabschlussfeier-der-leichtathleten\/","title":{"rendered":"Jahresabschlussfeier der Leichtathleten"},"content":{"rendered":"\n<p>Sehr gut besucht war die Jahresabschlussfeier\nder Sparte Leichtathletik im Cafe Auszeit in Mainkofen. Zu Beginn der\nVeranstaltung begr\u00fc\u00dfte der Spartenleiter Kaj Salmannsberger die anwesenden Mitglieder,\ndie Nachwuchs- und &nbsp;Orientierungsl\u00e4ufer\nmit ihren Eltern, die beiden Trainer Johann L\u00f6winger und Stefan H\u00f6tzinger, die\nNordic-Walkinggruppe mit Erika Holzbauer, Brigitte Fleischmann als\nOrganisatorin f\u00fcr die Abnahme der Sportabzeichen, sowie die Helfer der\neinzelnen Abteilungen. <\/p>\n\n\n\n<p>In seinem R\u00fcckblick verwies der Spartenleiter auf\ndie zahlreichen Veranstaltungen und Ereignisse des zur\u00fcckliegenden Jahres, in\ndem wieder die Orientierungsl\u00e4ufer sowie der L\u00e4ufernachwuchs mit ihren vielen\nErfolgen die Aush\u00e4ngeschilder der Abteilung und des Hauptvereins waren. Als\nzweitst\u00e4rkste Mannschaft nahm die Nordic-Walking-Gruppe zum zehnten Mal in\nGrattersdorf am Nordic-Walking-Tag teil. Die Sonntagswanderer unter Leitung von\nUschi und Uli Weniger waren an 25 Sonntagen im Bayerischen Wald unterwegs. <\/p>\n\n\n\n<p>Stefan H\u00f6tzinger berichtete von der Teilnahme\nan&nbsp; OL-L\u00e4ufen, von seinen Eins\u00e4tzen an\nSchulen, der Teilnahme am Ferienprogramm im Gebiet der Landesgartenschau und vom\nOster-Orientierungslauf in Fischerdorf. Anl\u00e4sslich des 50-j\u00e4hrigen Bestehens\ndes TSV Natternberg wurde nach vielen Jahren wieder eine OL-Stadtmeisterschaft im\nGebiet um Natternberg durchgef\u00fchrt. &nbsp;<\/p>\n\n\n\n<p>H\u00f6hepunkte f\u00fcr die OL-Teilnehmer\nwaren ein 3\nTage Orientierungslauf, in St. Gallen in der Schweiz der ARGE Alp 3-L\u00e4nderkampf,\nsowie der Alpe Adria Cup in Ungarn nahe der \u00d6sterr. Grenze.<\/p>\n\n\n\n<p>Bereits zum zweiten Mal erhielt Verena\nH\u00f6tzinger die Auszeichnung \u201eSporttalent 2017\u201c bei einer Ehrung in der\nSchlosswirtschaft in Moos f\u00fcr ihre Leistungen vom BLSV. Mit Veronika Engl wurde\neine zweite OL-L\u00e4uferin des Vereins geehrt.<\/p>\n\n\n\n<p>Im Jugendbereich konnten die vier Natternberger\nOrientierungsl\u00e4ufer Lukas McGall, Verena H\u00f6tzinger, Veronika Engl und Manuel\nScharnb\u00f6ck Siegerurkunden bei der Sportlerehrung 2018 der Stadt Deggendorf in\nder Stadthalle in Empfang nehmen. Zudem wurde Stefan H\u00f6tzinger bei den\nErwachsenen eine Siegerurkunde \u00fcberreicht. <\/p>\n\n\n\n<p>Der Trainer der Nachwuchsl\u00e4ufer, Johann\nL\u00f6winger, berichtete von den Wettk\u00e4mpfen seiner Mannschaft, die bei s\u00e4mtlichen\nStarts vordere Pl\u00e4tze erreichten. Er dankte vor allem seinen Helferinnen Alexandra\nL\u00f6winger und Julia Hansbauer. Letztere wird im Laufe dieses Jahres den &nbsp;Leichtathletik-Trainerschein erwerben.<\/p>\n\n\n\n<p>Als Anerkennung f\u00fcr ihren Flei\u00df im abgelaufenen\nJahr \u00fcberreichten die Trainer der OL- und Laufgruppe an die Kinder und\nJugendlichen ein Laufshirt.<\/p>\n\n\n\n<p>Unter der Organisation von Brigitte Fleischmann\nlegten insgesamt 43 Sportler im abgelaufenen Jahr erfolgreich die Pr\u00fcfungen f\u00fcr\ndas Deutsche Sportabzeichen ab. <\/p>\n\n\n\n<p>Zweimal pro Woche trafen sich die Walker. Die\nbisherige Stellvertreterin Brigitte Fleischmann \u00fcbernahm von Erika Holzbauer\ndie F\u00fchrung dieser Nordic-Walking-Gruppe. <\/p>\n\n\n\n<p>Mit heiteren Winter- bzw. Schneegeschichten\nlockerte Brigitte Fleischmann die Versammlung zwischen den einzelnen Berichten\nauf. <\/p>\n","protected":false},"excerpt":{"rendered":"<p>Sehr gut besucht war die Jahresabschlussfeier der Sparte Leichtathletik im Cafe Auszeit in Mainkofen. Zu Beginn der Veranstaltung begr\u00fc\u00dfte der<\/p>\n","protected":false},"author":2,"featured_media":3512,"comment_status":"closed","ping_status":"open","sticky":false,"template":"","format":"standard","meta":{"ngg_post_thumbnail":0,"footnotes":""},"categories":[41],"tags":[],"class_list":["post-5795","post","type-post","status-publish","format-standard","has-post-thumbnail","hentry","category-archiv-2019"],"_links":{"self":[{"href":"https:\/\/www.tsv-natternberg.de\/leichtathletik\/wp-json\/wp\/v2\/posts\/5795","targetHints":{"allow":["GET"]}}],"collection":[{"href":"https:\/\/www.tsv-natternberg.de\/leichtathletik\/wp-json\/wp\/v2\/posts"}],"about":[{"href":"https:\/\/www.tsv-natternberg.de\/leichtathletik\/wp-json\/wp\/v2\/types\/post"}],"author":[{"embeddable":true,"href":"https:\/\/www.tsv-natternberg.de\/leichtathletik\/wp-json\/wp\/v2\/users\/2"}],"replies":[{"embeddable":true,"href":"https:\/\/www.tsv-natternberg.de\/leichtathletik\/wp-json\/wp\/v2\/comments?post=5795"}],"version-history":[{"count":1,"href":"https:\/\/www.tsv-natternberg.de\/leichtathletik\/wp-json\/wp\/v2\/posts\/5795\/revisions"}],"predecessor-version":[{"id":5796,"href":"https:\/\/www.tsv-natternberg.de\/leichtathletik\/wp-json\/wp\/v2\/posts\/5795\/revisions\/5796"}],"wp:featuredmedia":[{"embeddable":true,"href":"https:\/\/www.tsv-natternberg.de\/leichtathletik\/wp-json\/wp\/v2\/media\/3512"}],"wp:attachment":[{"href":"https:\/\/www.tsv-natternberg.de\/leichtathletik\/wp-json\/wp\/v2\/media?parent=5795"}],"wp:term":[{"taxonomy":"category","embeddable":true,"href":"https:\/\/www.tsv-natternberg.de\/leichtathletik\/wp-json\/wp\/v2\/categories?post=5795"},{"taxonomy":"post_tag","embeddable":true,"href":"https:\/\/www.tsv-natternberg.de\/leichtathletik\/wp-json\/wp\/v2\/tags?post=5795"}],"curies":[{"name":"wp","href":"https:\/\/api.w.org\/{rel}","templated":true}]}}