{"id":5870,"date":"2019-05-19T10:14:52","date_gmt":"2019-05-19T08:14:52","guid":{"rendered":"http:\/\/www.tsv-natternberg.de\/leichtathletik\/?p=5870"},"modified":"2019-05-19T10:18:25","modified_gmt":"2019-05-19T08:18:25","slug":"die-ol-gruppe-des-tsv-natternberg-erhaelt-den-wolpi-pokal-2019","status":"publish","type":"post","link":"https:\/\/www.tsv-natternberg.de\/leichtathletik\/die-ol-gruppe-des-tsv-natternberg-erhaelt-den-wolpi-pokal-2019\/","title":{"rendered":"Die OL-Gruppe des TSV Natternberg erh\u00e4lt den Wolpi-Pokal 2019"},"content":{"rendered":"<p style=\"text-align: justify;\"><img loading=\"lazy\" decoding=\"async\" class=\"alignleft size-medium wp-image-5872\" src=\"http:\/\/www.tsv-natternberg.de\/leichtathletik\/wp-content\/uploads\/2019\/05\/2019.05.12_F\u00f6rderverein-OL-Bayern-\u00dcbergabe-Wolperdinger-300x200.jpg\" alt=\"\" width=\"300\" height=\"200\" srcset=\"https:\/\/www.tsv-natternberg.de\/leichtathletik\/wp-content\/uploads\/2019\/05\/2019.05.12_F\u00f6rderverein-OL-Bayern-\u00dcbergabe-Wolperdinger-300x200.jpg 300w, https:\/\/www.tsv-natternberg.de\/leichtathletik\/wp-content\/uploads\/2019\/05\/2019.05.12_F\u00f6rderverein-OL-Bayern-\u00dcbergabe-Wolperdinger-1024x683.jpg 1024w, https:\/\/www.tsv-natternberg.de\/leichtathletik\/wp-content\/uploads\/2019\/05\/2019.05.12_F\u00f6rderverein-OL-Bayern-\u00dcbergabe-Wolperdinger-315x210.jpg 315w, https:\/\/www.tsv-natternberg.de\/leichtathletik\/wp-content\/uploads\/2019\/05\/2019.05.12_F\u00f6rderverein-OL-Bayern-\u00dcbergabe-Wolperdinger-665x443.jpg 665w\" sizes=\"auto, (max-width: 300px) 100vw, 300px\" \/>Der Wolpi-Pokal wird bereits seit Anfang der 80er Jahre als \u201eWanderpreis\u201c f\u00fcr besondere Verdienste um die Entwicklung des Bayerischen OL\u2019s verliehen. Die Vergabe liegt seit dem letzten Jahr in den H\u00e4nden des \u201eF\u00f6rderverein OL Bayern\u201c im Zusammenwirken mit dem Landesfachwart OL und dessen Stellvertreter. Anl\u00e4sslich des ersten Bayerncup-Wochenendes in Mietraching l\u00fcftete der Vorsitzende des F\u00f6rdervereins Ralph Mei\u00dfner das gut geh\u00fctete Geheimnis des neuen Preistr\u00e4gers und \u00fcberreichte die Troph\u00e4e an den TSV Natternberg und Stefan H\u00f6tzinger als Verantwortlichen der OL-Gruppe. Er betonte dabei, dass der Fokus nicht nur auf den \u201egro\u00dfen\u201c OL-Vereinen und Abteilungen liegen d\u00fcrfe. Vielmehr seien auch die weniger mitgliedsstarken Organisationen wichtig f\u00fcr die Basisarbeit mit Jugendl\u00e4ufern, der Durchf\u00fchrung von Veranstaltungen und der allgemeinen Verbreitung des OL\u2019s in Bayern. Als Belohnung f\u00fcr die gute Arbeit gab es zudem noch eine F\u00f6rderpr\u00e4mie \u00fcber 100 \u20ac.<\/p>\n<p style=\"text-align: justify;\"><img loading=\"lazy\" decoding=\"async\" class=\"alignleft size-medium wp-image-5873\" src=\"http:\/\/www.tsv-natternberg.de\/leichtathletik\/wp-content\/uploads\/2019\/05\/2019.05.12_F\u00f6rderverein-OL-Bayern-Wolperdinger-200x300.jpg\" alt=\"\" width=\"200\" height=\"300\" srcset=\"https:\/\/www.tsv-natternberg.de\/leichtathletik\/wp-content\/uploads\/2019\/05\/2019.05.12_F\u00f6rderverein-OL-Bayern-Wolperdinger-200x300.jpg 200w, https:\/\/www.tsv-natternberg.de\/leichtathletik\/wp-content\/uploads\/2019\/05\/2019.05.12_F\u00f6rderverein-OL-Bayern-Wolperdinger-683x1024.jpg 683w, https:\/\/www.tsv-natternberg.de\/leichtathletik\/wp-content\/uploads\/2019\/05\/2019.05.12_F\u00f6rderverein-OL-Bayern-Wolperdinger-140x210.jpg 140w, https:\/\/www.tsv-natternberg.de\/leichtathletik\/wp-content\/uploads\/2019\/05\/2019.05.12_F\u00f6rderverein-OL-Bayern-Wolperdinger-665x997.jpg 665w\" sizes=\"auto, (max-width: 200px) 100vw, 200px\" \/>Die OL-Gruppe des TSV Natternberg wurde 2013 gegr\u00fcndet und leistete bereits in einem verh\u00e4ltnism\u00e4\u00dfig kurzen Zeitraum bemerkenswert erfolgreiche Jugendarbeit. So wurden schon 2016 bei Bayerischen Meisterschaften Titel und Medaillen errungen. Gleicherma\u00dfen gelangen Podestpl\u00e4tze in der Bayerncup-Wertung. Und so lie\u00df der TSV Natternberg mit einem respektablen 5.Platz in der Vereinsjugendwertung der Bayerncups 2016 und 2017 aufhorchen.<\/p>\n<p style=\"text-align: justify;\">Ma\u00dfgeblichen Anteil an dieser Entwicklung hat der Leiter der OL-Gruppe Stefan H\u00f6tzinger, der schon seit seinen eigenen Jugendjahren beim TV Osterhofen ab 1983 an OL\u2019s teilnahm und diesem Sport immer aktiv verbunden blieb. Damit die Entwicklung in Natternberg weiter voran schreitet, hat er als n\u00e4chstes Projekt die Aufnahme einer OL-Karte eines interessanten Waldgel\u00e4ndes angek\u00fcndigt.<\/p>\n<p>Text: Ralph Mei\u00dfner<br \/>\nFotos: F\u00f6rderverein OL Bayern<\/p>\n","protected":false},"excerpt":{"rendered":"<p>Der Wolpi-Pokal wird bereits seit Anfang der 80er Jahre als \u201eWanderpreis\u201c f\u00fcr besondere Verdienste um die Entwicklung des Bayerischen OL\u2019s<\/p>\n","protected":false},"author":9,"featured_media":5872,"comment_status":"closed","ping_status":"open","sticky":false,"template":"","format":"standard","meta":{"ngg_post_thumbnail":0,"footnotes":""},"categories":[41],"tags":[22],"class_list":["post-5870","post","type-post","status-publish","format-standard","has-post-thumbnail","hentry","category-archiv-2019","tag-orientierungslauf"],"_links":{"self":[{"href":"https:\/\/www.tsv-natternberg.de\/leichtathletik\/wp-json\/wp\/v2\/posts\/5870","targetHints":{"allow":["GET"]}}],"collection":[{"href":"https:\/\/www.tsv-natternberg.de\/leichtathletik\/wp-json\/wp\/v2\/posts"}],"about":[{"href":"https:\/\/www.tsv-natternberg.de\/leichtathletik\/wp-json\/wp\/v2\/types\/post"}],"author":[{"embeddable":true,"href":"https:\/\/www.tsv-natternberg.de\/leichtathletik\/wp-json\/wp\/v2\/users\/9"}],"replies":[{"embeddable":true,"href":"https:\/\/www.tsv-natternberg.de\/leichtathletik\/wp-json\/wp\/v2\/comments?post=5870"}],"version-history":[{"count":6,"href":"https:\/\/www.tsv-natternberg.de\/leichtathletik\/wp-json\/wp\/v2\/posts\/5870\/revisions"}],"predecessor-version":[{"id":5878,"href":"https:\/\/www.tsv-natternberg.de\/leichtathletik\/wp-json\/wp\/v2\/posts\/5870\/revisions\/5878"}],"wp:featuredmedia":[{"embeddable":true,"href":"https:\/\/www.tsv-natternberg.de\/leichtathletik\/wp-json\/wp\/v2\/media\/5872"}],"wp:attachment":[{"href":"https:\/\/www.tsv-natternberg.de\/leichtathletik\/wp-json\/wp\/v2\/media?parent=5870"}],"wp:term":[{"taxonomy":"category","embeddable":true,"href":"https:\/\/www.tsv-natternberg.de\/leichtathletik\/wp-json\/wp\/v2\/categories?post=5870"},{"taxonomy":"post_tag","embeddable":true,"href":"https:\/\/www.tsv-natternberg.de\/leichtathletik\/wp-json\/wp\/v2\/tags?post=5870"}],"curies":[{"name":"wp","href":"https:\/\/api.w.org\/{rel}","templated":true}]}}