{"id":6000,"date":"2019-10-20T18:24:27","date_gmt":"2019-10-20T16:24:27","guid":{"rendered":"http:\/\/www.tsv-natternberg.de\/leichtathletik\/?p=6000"},"modified":"2019-10-20T18:25:50","modified_gmt":"2019-10-20T16:25:50","slug":"natternberger-leichtathleten-in-passau-oberhaus-am-start","status":"publish","type":"post","link":"https:\/\/www.tsv-natternberg.de\/leichtathletik\/natternberger-leichtathleten-in-passau-oberhaus-am-start\/","title":{"rendered":"Natternberger Leichtathleten in Passau-Oberhaus am Start"},"content":{"rendered":"<p><a href=\"http:\/\/www.tsv-natternberg.de\/leichtathletik\/wp-content\/uploads\/2019\/10\/2019.10.03-TSV-Natternberg-Leichtathletik-Herbstmeeting-Passau-Gesamt.jpg\"><img loading=\"lazy\" decoding=\"async\" width=\"300\" height=\"200\" class=\"alignleft wp-image-6001 size-medium\" alt=\"\" src=\"http:\/\/www.tsv-natternberg.de\/leichtathletik\/wp-content\/uploads\/2019\/10\/2019.10.03-TSV-Natternberg-Leichtathletik-Herbstmeeting-Passau-Gesamt-300x200.jpg\" srcset=\"https:\/\/www.tsv-natternberg.de\/leichtathletik\/wp-content\/uploads\/2019\/10\/2019.10.03-TSV-Natternberg-Leichtathletik-Herbstmeeting-Passau-Gesamt-300x200.jpg 300w, https:\/\/www.tsv-natternberg.de\/leichtathletik\/wp-content\/uploads\/2019\/10\/2019.10.03-TSV-Natternberg-Leichtathletik-Herbstmeeting-Passau-Gesamt-1024x683.jpg 1024w, https:\/\/www.tsv-natternberg.de\/leichtathletik\/wp-content\/uploads\/2019\/10\/2019.10.03-TSV-Natternberg-Leichtathletik-Herbstmeeting-Passau-Gesamt-315x210.jpg 315w, https:\/\/www.tsv-natternberg.de\/leichtathletik\/wp-content\/uploads\/2019\/10\/2019.10.03-TSV-Natternberg-Leichtathletik-Herbstmeeting-Passau-Gesamt-665x443.jpg 665w, https:\/\/www.tsv-natternberg.de\/leichtathletik\/wp-content\/uploads\/2019\/10\/2019.10.03-TSV-Natternberg-Leichtathletik-Herbstmeeting-Passau-Gesamt.jpg 1882w\" sizes=\"auto, (max-width: 300px) 100vw, 300px\" \/><\/a><\/p>\n<p><span style=\"font-family: arial,helvetica,sans-serif;\">Am Tag der Deutschen Einheit fand in Passau in der Schulsport-Anlage Oberhaus das <\/span><span style=\"font-family: arial,helvetica,sans-serif;\">\u201e25. McDonald\u2019s &#8211; Herbst &#8211; Meeting\u201c statt. Bei kaltem und windigem Herbstwetter konnte der stellvertretende Vorsitzende der LG Passau, <strong>Siegfried Kapfer<\/strong>, trotz der kalten Temperaturen \u00fcber 280 Nachwuchssportlerinnen und -sportler begr\u00fc\u00dfen. Unter ihnen auch f\u00fcnf Nachwuchsleichtathleten des TSV Natternberg.<\/span><\/p>\n<p>&nbsp;<\/p>\n<p><span style=\"font-family: arial,helvetica,sans-serif;\">Hier die Ergebnisse der Sch\u00fclerinnen:<\/span><\/p>\n<p><span style=\"font-family: arial,helvetica,sans-serif;\"><strong>Lina Omerasevic, Jg. 2005, W14:<br \/>\n<\/strong><\/span><span style=\"font-family: arial,helvetica,sans-serif;\">Sprint 100 m in 15,87 sec, Platz 3; Weitsprung 3,45 m, Platz 5; 3kg Kugel 6,29 m, Platz 6;<br \/>\n<\/span><span style=\"font-family: arial,helvetica,sans-serif;\"><strong>Yaren Orbay, Jg. 2006, W13:<br \/>\n<\/strong><\/span><span style=\"font-family: arial,helvetica,sans-serif;\">Sprint 75 m in 12:12 sec, Platz 4; Weitsprung 3,16 m; Platz 7; 3 kg Kugel 5,14 m, Platz 5;<\/span><br \/>\n<span style=\"font-family: arial,helvetica,sans-serif;\"><strong>Carina Amos, Jg. 2007, W12:<\/strong><\/span><br \/>\n<span style=\"font-family: arial,helvetica,sans-serif;\">Sprint 75 m in 12:32 sec, Platz 6; Weitsprung 3,28 m, Platz 8; 3 kg Kugel 4,72m, Platz 3;<\/span><br \/>\n<span style=\"font-family: arial,helvetica,sans-serif;\"><strong>Azra Ulukus, Jg. 2008, W11:<br \/>\n<\/strong>Sprint 50 m in 9:35sec, Platz 15; Weitsprung 2,70 m, Platz 19; Schlagbal1 13,50 m, Platz 19;<\/span><br \/>\n<span style=\"font-family: arial,helvetica,sans-serif;\"><strong>Polina Amos, Jg. 2011, W8:<br \/>\n<\/strong>Sprint 30m in 6,84 sec, Platz 15; Weitsprung 2,60 m, Platz 10; Schlagball 11,50 m, Platz 12.<\/span><\/p>\n","protected":false},"excerpt":{"rendered":"<p>Am Tag der Deutschen Einheit fand in Passau in der Schulsport-Anlage Oberhaus das \u201e25. McDonald\u2019s &#8211; Herbst &#8211; Meeting\u201c statt.<\/p>\n","protected":false},"author":2,"featured_media":6002,"comment_status":"closed","ping_status":"open","sticky":false,"template":"","format":"standard","meta":{"ngg_post_thumbnail":0,"footnotes":""},"categories":[41],"tags":[25],"class_list":["post-6000","post","type-post","status-publish","format-standard","has-post-thumbnail","hentry","category-archiv-2019","tag-leichtathletik"],"_links":{"self":[{"href":"https:\/\/www.tsv-natternberg.de\/leichtathletik\/wp-json\/wp\/v2\/posts\/6000","targetHints":{"allow":["GET"]}}],"collection":[{"href":"https:\/\/www.tsv-natternberg.de\/leichtathletik\/wp-json\/wp\/v2\/posts"}],"about":[{"href":"https:\/\/www.tsv-natternberg.de\/leichtathletik\/wp-json\/wp\/v2\/types\/post"}],"author":[{"embeddable":true,"href":"https:\/\/www.tsv-natternberg.de\/leichtathletik\/wp-json\/wp\/v2\/users\/2"}],"replies":[{"embeddable":true,"href":"https:\/\/www.tsv-natternberg.de\/leichtathletik\/wp-json\/wp\/v2\/comments?post=6000"}],"version-history":[{"count":3,"href":"https:\/\/www.tsv-natternberg.de\/leichtathletik\/wp-json\/wp\/v2\/posts\/6000\/revisions"}],"predecessor-version":[{"id":6005,"href":"https:\/\/www.tsv-natternberg.de\/leichtathletik\/wp-json\/wp\/v2\/posts\/6000\/revisions\/6005"}],"wp:featuredmedia":[{"embeddable":true,"href":"https:\/\/www.tsv-natternberg.de\/leichtathletik\/wp-json\/wp\/v2\/media\/6002"}],"wp:attachment":[{"href":"https:\/\/www.tsv-natternberg.de\/leichtathletik\/wp-json\/wp\/v2\/media?parent=6000"}],"wp:term":[{"taxonomy":"category","embeddable":true,"href":"https:\/\/www.tsv-natternberg.de\/leichtathletik\/wp-json\/wp\/v2\/categories?post=6000"},{"taxonomy":"post_tag","embeddable":true,"href":"https:\/\/www.tsv-natternberg.de\/leichtathletik\/wp-json\/wp\/v2\/tags?post=6000"}],"curies":[{"name":"wp","href":"https:\/\/api.w.org\/{rel}","templated":true}]}}